[{"@context":"https:\/\/schema.org\/","@type":"Article","@id":"https:\/\/www.growit.sk\/ked-aj-vasa-bielizen-vonia-letom\/#Article","mainEntityOfPage":"https:\/\/www.growit.sk\/ked-aj-vasa-bielizen-vonia-letom\/","headline":"Ke\u010f aj va\u0161a bielize\u0148 vonia letom","name":"Ke\u010f aj va\u0161a bielize\u0148 vonia letom","description":"Te\u0161\u00edte sa, \u017ee pri\u0161li hor\u00face letn\u00e9 dni a op\u00e4\u0165 m\u00f4\u017eeme chodi\u0165 v tri\u010dk\u00e1ch, \u0161at\u00e1ch a kra\u0165asoch? Ob\u013e\u00faben\u00e9 letn\u00e9 obdobie u\u017e za\u010dalo a pre\u010do by sme si ho nespr\u00edjemnili, okrem in\u00e9ho, aj p\u00f4vabn\u00fdmi v\u00f4\u0148ami, ktor\u00e9 osvie\u017eia na\u0161e [&hellip;]","datePublished":"2025-06-07","dateModified":"2025-06-07","author":{"@type":"Person","@id":"https:\/\/www.growit.sk\/author\/devene\/#Person","name":"devene","url":"https:\/\/www.growit.sk\/author\/devene\/","identifier":1,"image":{"@type":"ImageObject","@id":"https:\/\/secure.gravatar.com\/avatar\/390ba47df5874845ef3762ac16ecd0a67f4e30c13cbb7c7ee444ade303aa885b?s=96&d=mm&r=g","url":"https:\/\/secure.gravatar.com\/avatar\/390ba47df5874845ef3762ac16ecd0a67f4e30c13cbb7c7ee444ade303aa885b?s=96&d=mm&r=g","height":96,"width":96}},"publisher":{"@type":"Organization","name":"growit.sk","logo":{"@type":"ImageObject","@id":"\/logo.png","url":"\/logo.png","width":600,"height":60}},"image":{"@type":"ImageObject","@id":"https:\/\/www.growit.sk\/wp-content\/uploads\/jasmin_1_Ji69yX.jpg","url":"https:\/\/www.growit.sk\/wp-content\/uploads\/jasmin_1_Ji69yX.jpg","height":0,"width":0},"url":"https:\/\/www.growit.sk\/ked-aj-vasa-bielizen-vonia-letom\/","about":["Hry"],"wordCount":401,"articleBody":"    Te\u0161\u00edte sa, \u017ee pri\u0161li hor\u00face letn\u00e9 dni a op\u00e4\u0165 m\u00f4\u017eeme chodi\u0165 v tri\u010dk\u00e1ch, \u0161at\u00e1ch a kra\u0165asoch? Ob\u013e\u00faben\u00e9 letn\u00e9 obdobie u\u017e za\u010dalo a pre\u010do by sme si ho nespr\u00edjemnili, okrem in\u00e9ho, aj p\u00f4vabn\u00fdmi v\u00f4\u0148ami, ktor\u00e9 osvie\u017eia na\u0161e letn\u00e9 oble\u010denie a bielize\u0148. Prin\u00e1\u0161ame v\u00e1m p\u00e1r r\u00e1d, ako na to! V prvom rade posta\u010d\u00ed inovova\u0165 svoje pranie na rozpr\u00e1vkovo letn\u00fd osvie\u017euj\u00faci z\u00e1\u017eitok. O to sa n\u00e1m postaraj\u00fa parf\u00e9my na pranie. Predstavuj\u00fa toti\u017e zaru\u010den\u00fd prostriedok na to, ako sa d\u00e1 v\u00f4\u0148a predl\u017ei\u0165 a\u017e o nieko\u013eko dn\u00ed, \u010di dokonca a\u017e dlh\u00fdch t\u00fd\u017ed\u0148ov. No a pr\u00e1ve v lete sa n\u00e1m tak\u00fdto pr\u00edjemn\u00fd upgrade m\u00f4\u017ee perfektne hodi\u0165.  V\u00f4\u0148a, ktor\u00e1 dr\u017e\u00ed a vydr\u017e\u00ed  Inovat\u00edvny parf\u00e9m na pranie dok\u00e1\u017ee \u010derstvo oprat\u00fa bielize\u0148 rozvo\u0148a\u0165 na nieko\u013eko dn\u00ed \u010di a\u017e t\u00fd\u017ed\u0148ov. Stane sa tak v\u010faka \u0161peci\u00e1lnej technol\u00f3gii mikrokapsul\u00ed, ktor\u00e9 dok\u00e1\u017eu v\u00f4\u0148u na tkanin\u00e1ch uvo\u013e\u0148ova\u0165 pozvo\u013ena, po\u010das toho, ako ju nos\u00edte. Osvie\u017euj\u00faca ar\u00f3ma z oprat\u00e9ho tri\u010dka sa tak pr\u00e1ve v lete m\u00f4\u017ee vynikaj\u00faco hodi\u0165. Hor\u00fa\u010davy sp\u00f4sobuj\u00fa, \u017ee sa \u010dlovek omnoho viac pot\u00ed. Parf\u00e9m na pranie v\u00e1m v\u0161ak na oble\u010den\u00ed sprostredkuje dlhotrvaj\u00facu elegantne svie\u017eu v\u00f4\u0148u. Sta\u010d\u00ed, ke\u010f si zo \u0161irok\u00e9ho sortimentu r\u00f4znych v\u00f4n\u00ed vyberiete tie, ktor\u00e9 v\u00e1m robia rados\u0165 a vyvol\u00e1vaj\u00fa pr\u00edjemn\u00e9 pocity a n\u00e1ladu.   Vo\u0148av\u00e9 pranie s parf\u00e9mami na pranie  Parf\u00e9my na pranie funguj\u00fa namiesto aviv\u00e1\u017ee. Sta\u010d\u00ed ich prida\u0165 do d\u00e1vkova\u010da pr\u00e1\u010dky ur\u010denej pr\u00e1ve na aviv\u00e1\u017e. Ke\u010f\u017ee ide o vysoko koncentrovan\u00e9 parf\u00e9mov\u00e9 oleje, je potrebn\u00e9 namera\u0165 len ur\u010dit\u00e9 mal\u00e9 mno\u017estvo do 20 ml, ktor\u00e9 sa odpor\u00fa\u010da na jednu pr\u00e1\u010dku bielizne pou\u017ei\u0165. Parf\u00e9my s\u00fa rozpustn\u00e9 vo vode, tak\u017ee u\u017e len sta\u010d\u00ed zapn\u00fa\u0165 pranie a po\u010dka\u0165 na v\u00fdsledok. Podobn\u00e9 v\u00f4ne si m\u00f4\u017eete prakticky strieda\u0165 \u2013 v tomto prin\u00e1\u0161aj\u00fa ove\u013ea viac kreativity a variability ne\u017e oby\u010dajn\u00e1 aviv\u00e1\u017e. Nech si vyberiete ktor\u00fdko\u013evek z na\u0161ej ponuky, rozhodne v\u00e1s milo prekvapia a pote\u0161ia svojimi prepracovan\u00fdmi v\u00f4\u0148ami.                                                                                                                                                                                                                                                                                                                                                                                                  "},{"@context":"https:\/\/schema.org\/","@type":"BreadcrumbList","itemListElement":[{"@type":"ListItem","position":1,"name":"Ke\u010f aj va\u0161a bielize\u0148 vonia letom","item":"https:\/\/www.growit.sk\/ked-aj-vasa-bielizen-vonia-letom\/#breadcrumbitem"}]}]